{"id":35475,"date":"2025-11-07T12:00:54","date_gmt":"2025-11-07T11:00:54","guid":{"rendered":"https:\/\/bezbednost.org\/?p=35475"},"modified":"2025-11-07T12:22:30","modified_gmt":"2025-11-07T11:22:30","slug":"bcsp-introduces-the-integrity-network-at-the-panel-integrity-under-pressure-local-stories-of-resistance","status":"publish","type":"post","link":"https:\/\/bezbednost.org\/en\/bcsp-introduces-the-integrity-network-at-the-panel-integrity-under-pressure-local-stories-of-resistance\/","title":{"rendered":"BCSP Introduces the Integrity Network at the Panel \u201cIntegrity Under Pressure: Local Stories of Resistance\u201d"},"content":{"rendered":"<p data-start=\"534\" data-end=\"1183\"><strong>The Integrity Network<\/strong> unites courageous and accomplished professionals to support their fight against systemic institutional state capture, amplify their voices and inspire others to follow their example. The Network will regularly monitor and report cases in which local institutions act in the interests of authorities rather than citizens, explain these processes, and highlight abuses. It will serve as a space of solidarity for people of integrity across Serbia &#8211; offering support to those who have become targets of the powerful due to their courage, and protecting those exposed to pressure and systemic violence because of their civic engagement.<\/p>\n<p data-start=\"1185\" data-end=\"1555\">The Network builds on BCSP\u2019s long-standing work on the issue of state capture, particularly in the security sector, and aims to highlight local stories of resistance that often remain invisible. Its members will, through jointly agreed activities, work to raise public awareness, support those under pressure, and ensure their voices are heard beyond Serbia\u2019s borders.<\/p>\n<p data-start=\"1557\" data-end=\"2060\">The first in a series of events under the Integrity Network brought together participants from different parts of Serbia: Natalija Jovanovi\u0107, professor at the Faculty of Philosophy in Ni\u0161; Mirjana \u0110ur\u0111evi\u0107 from the \u201cNe dam Nu Dau\u201d initiative in Majdanpek; Verica Marin\u010di\u0107, editor of the IN Media portal in In\u0111ija; and Predrag Vo\u0161tini\u0107 from the Lokalni Front in Kraljevo. They shared their experiences of the pressures and challenges they face in defending the public interest and professional integrity.<\/p>\n<p data-start=\"2062\" data-end=\"2273\">With the launch of the Integrity Network, BCSP seeks to increase visibility and solidarity among local initiatives and contribute to a better understanding of the state of democracy and institutions in Serbia.<\/p>\n<p data-start=\"48\" data-end=\"87\"><strong data-start=\"48\" data-end=\"85\">Members of the Integrity Network:<\/strong><\/p>\n<ul data-start=\"88\" data-end=\"1850\">\n<li data-start=\"88\" data-end=\"124\">\n<p data-start=\"90\" data-end=\"124\">Aleksandra Paunovi\u0107, Pridru\u017ei se<\/p>\n<\/li>\n<li data-start=\"125\" data-end=\"197\">\n<p data-start=\"127\" data-end=\"197\">Bogoljub \u017divkovi\u0107, former employee of the Ministry of Interior of the Republic of Serbia<\/p>\n<\/li>\n<li data-start=\"198\" data-end=\"263\">\n<p data-start=\"200\" data-end=\"263\">Bojana Savovi\u0107, Higher Public Prosecutor\u2019s Office in Belgrade<\/p>\n<\/li>\n<li data-start=\"264\" data-end=\"328\">\n<p data-start=\"266\" data-end=\"328\">Damir Agovi\u0107, Citizens\u2019 Association UZINAT, Gornji Milanovac<\/p>\n<\/li>\n<li data-start=\"329\" data-end=\"372\">\n<p data-start=\"331\" data-end=\"372\">Darija Rankovi\u0107, Kolubarske.rs, Valjevo<\/p>\n<\/li>\n<li data-start=\"373\" data-end=\"415\">\n<p data-start=\"375\" data-end=\"415\">Dobrila Markovi\u0107, Freedom Has No Price<\/p>\n<\/li>\n<li data-start=\"416\" data-end=\"455\">\n<p data-start=\"418\" data-end=\"455\">Dragan \u017debeljan, Police Union Sloga<\/p>\n<\/li>\n<li data-start=\"456\" data-end=\"505\">\n<p data-start=\"458\" data-end=\"505\">Dragana Prica Kova\u010devi\u0107, 021 portal, Novi Sad<\/p>\n<\/li>\n<li data-start=\"506\" data-end=\"530\">\n<p data-start=\"508\" data-end=\"530\">Goran Stupar, lawyer<\/p>\n<\/li>\n<li data-start=\"531\" data-end=\"559\">\n<p data-start=\"533\" data-end=\"559\">Ivana Gordi\u0107, journalist<\/p>\n<\/li>\n<li data-start=\"560\" data-end=\"587\">\n<p data-start=\"562\" data-end=\"587\">Ivanka Popovi\u0107, ProGlas<\/p>\n<\/li>\n<li data-start=\"588\" data-end=\"646\">\n<p data-start=\"590\" data-end=\"646\">Jasmina Paunovi\u0107, former public prosecutor in Belgrade<\/p>\n<\/li>\n<li data-start=\"647\" data-end=\"674\">\n<p data-start=\"649\" data-end=\"674\">Katarina \u0110uki\u0107, ProGlas<\/p>\n<\/li>\n<li data-start=\"675\" data-end=\"744\">\n<p data-start=\"677\" data-end=\"744\">Katarina Petrovi\u0107, Ministry of Interior of the Republic of Serbia<\/p>\n<\/li>\n<li data-start=\"745\" data-end=\"836\">\n<p data-start=\"747\" data-end=\"836\">Ljiljana Stojanovi\u0107, JUGpress \/ Center for Democracy and Development of Southern Serbia<\/p>\n<\/li>\n<li data-start=\"837\" data-end=\"882\">\n<p data-start=\"839\" data-end=\"882\">Ljiljana Ne\u0161i\u0107, Women for Peace, Leskovac<\/p>\n<\/li>\n<li data-start=\"883\" data-end=\"921\">\n<p data-start=\"885\" data-end=\"921\">Maja Stojanovi\u0107, Civic Initiatives<\/p>\n<\/li>\n<li data-start=\"922\" data-end=\"967\">\n<p data-start=\"924\" data-end=\"967\">Marija Milo\u0161evi\u0107 Tanasijevi\u0107, Res Publika<\/p>\n<\/li>\n<li data-start=\"968\" data-end=\"1004\">\n<p data-start=\"970\" data-end=\"1004\">Mina Deli\u0107, freelance journalist<\/p>\n<\/li>\n<li data-start=\"1005\" data-end=\"1054\">\n<p data-start=\"1007\" data-end=\"1054\">Mirjana \u0110ur\u0111evi\u0107, UG Ne dam Nu Dau, Majdanpek<\/p>\n<\/li>\n<li data-start=\"1055\" data-end=\"1085\">\n<p data-start=\"1057\" data-end=\"1085\">Miroslav Mileti\u0107, Iz Glave<\/p>\n<\/li>\n<li data-start=\"1086\" data-end=\"1136\">\n<p data-start=\"1088\" data-end=\"1136\">Natalija Jovanovi\u0107, Faculty of Philosophy, Ni\u0161<\/p>\n<\/li>\n<li data-start=\"1137\" data-end=\"1171\">\n<p data-start=\"1139\" data-end=\"1171\">Neboj\u0161a Jovanovi\u0107, Start Media<\/p>\n<\/li>\n<li data-start=\"1172\" data-end=\"1203\">\n<p data-start=\"1174\" data-end=\"1203\">Nenad Kova\u010devi\u0107, journalist<\/p>\n<\/li>\n<li data-start=\"1204\" data-end=\"1238\">\n<p data-start=\"1206\" data-end=\"1238\">Nikola Ko\u010dovi\u0107, Sto Plus Radio<\/p>\n<\/li>\n<li data-start=\"1239\" data-end=\"1292\">\n<p data-start=\"1241\" data-end=\"1292\">Nikola Krsti\u0107, Fortress Movement (Pokret Tvr\u0111ava)<\/p>\n<\/li>\n<li data-start=\"1293\" data-end=\"1336\">\n<p data-start=\"1295\" data-end=\"1336\">Predrag Simonovi\u0107, Ministry of Interior<\/p>\n<\/li>\n<li data-start=\"1337\" data-end=\"1370\">\n<p data-start=\"1339\" data-end=\"1370\">Predrag Vo\u0161tini\u0107, Lokalni Front<\/p>\n<\/li>\n<li data-start=\"1371\" data-end=\"1408\">\n<p data-start=\"1373\" data-end=\"1408\">Sava Majstorov, portal SOinfo.org<\/p>\n<\/li>\n<li data-start=\"1409\" data-end=\"1439\">\n<p data-start=\"1411\" data-end=\"1439\">Savo \u0110ur\u0111i\u0107, retired judge<\/p>\n<\/li>\n<li data-start=\"1440\" data-end=\"1506\">\n<p data-start=\"1442\" data-end=\"1506\">Selma Slezovi\u0107 Mehovi\u0107, Faculty of Teacher Education, Belgrade<\/p>\n<\/li>\n<li data-start=\"1507\" data-end=\"1568\">\n<p data-start=\"1509\" data-end=\"1568\">Sini\u0161a Jankovi\u0107, Kareja Institute for Corruption Research<\/p>\n<\/li>\n<li data-start=\"1569\" data-end=\"1600\">\n<p data-start=\"1571\" data-end=\"1600\">Slavi\u0161a Milanov, UG Emblema<\/p>\n<\/li>\n<li data-start=\"1601\" data-end=\"1632\">\n<p data-start=\"1603\" data-end=\"1632\">Tatjana Dragutinovi\u0107, CIMAP<\/p>\n<\/li>\n<li data-start=\"1633\" data-end=\"1673\">\n<p data-start=\"1635\" data-end=\"1673\">Uglje\u0161a Boki\u0107, daily newspaper Danas<\/p>\n<\/li>\n<li data-start=\"1674\" data-end=\"1703\">\n<p data-start=\"1676\" data-end=\"1703\">Verica Marin\u010di\u0107, IN Media<\/p>\n<\/li>\n<li data-start=\"1704\" data-end=\"1751\">\n<p data-start=\"1706\" data-end=\"1751\">Vladan Sin\u0111i\u0107, Civic Reading Room Libergraf<\/p>\n<\/li>\n<li data-start=\"1752\" data-end=\"1791\">\n<p data-start=\"1754\" data-end=\"1791\">Vladimir Radosavljevi\u0107, iRevolution<\/p>\n<\/li>\n<li data-start=\"1792\" data-end=\"1824\">\n<p data-start=\"1794\" data-end=\"1824\">Vladimir Radovanovi\u0107, lawyer<\/p>\n<\/li>\n<li data-start=\"1825\" data-end=\"1850\">\n<p data-start=\"1827\" data-end=\"1850\">\u017deljko Bodro\u017ei\u0107, Independent Journalists\u2019 Association of Serbia (IJAS)<\/p>\n<\/li>\n<\/ul>\n","protected":false},"excerpt":{"rendered":"<p>The Belgrade Centre for Security Policy (BCSP) has launched the Integrity Network initiative, bringing together respected individuals from various spheres of society\u2014police officers, professors, journalists, lawyers, and activists\u2014with the aim of monitoring, documenting, and raising public awareness about cases of state capture at the local level.<\/p>\n","protected":false},"author":8,"featured_media":35472,"comment_status":"closed","ping_status":"open","sticky":false,"template":"","format":"standard","meta":{"_acf_changed":false,"footnotes":""},"categories":[7415,10868],"tags":[],"vest_saopstenje":[11439,11438],"coauthors":[],"class_list":["post-35475","post","type-post","status-publish","format-standard","has-post-thumbnail","hentry","category-bscp","category-partnerske-inicijative-en","vest_saopstenje-news-en","vest_saopstenje-vest-en"],"acf":[],"_links":{"self":[{"href":"https:\/\/bezbednost.org\/en\/wp-json\/wp\/v2\/posts\/35475","targetHints":{"allow":["GET"]}}],"collection":[{"href":"https:\/\/bezbednost.org\/en\/wp-json\/wp\/v2\/posts"}],"about":[{"href":"https:\/\/bezbednost.org\/en\/wp-json\/wp\/v2\/types\/post"}],"author":[{"embeddable":true,"href":"https:\/\/bezbednost.org\/en\/wp-json\/wp\/v2\/users\/8"}],"replies":[{"embeddable":true,"href":"https:\/\/bezbednost.org\/en\/wp-json\/wp\/v2\/comments?post=35475"}],"version-history":[{"count":2,"href":"https:\/\/bezbednost.org\/en\/wp-json\/wp\/v2\/posts\/35475\/revisions"}],"predecessor-version":[{"id":35477,"href":"https:\/\/bezbednost.org\/en\/wp-json\/wp\/v2\/posts\/35475\/revisions\/35477"}],"wp:featuredmedia":[{"embeddable":true,"href":"https:\/\/bezbednost.org\/en\/wp-json\/wp\/v2\/media\/35472"}],"wp:attachment":[{"href":"https:\/\/bezbednost.org\/en\/wp-json\/wp\/v2\/media?parent=35475"}],"wp:term":[{"taxonomy":"category","embeddable":true,"href":"https:\/\/bezbednost.org\/en\/wp-json\/wp\/v2\/categories?post=35475"},{"taxonomy":"post_tag","embeddable":true,"href":"https:\/\/bezbednost.org\/en\/wp-json\/wp\/v2\/tags?post=35475"},{"taxonomy":"vest_saopstenje","embeddable":true,"href":"https:\/\/bezbednost.org\/en\/wp-json\/wp\/v2\/vest_saopstenje?post=35475"},{"taxonomy":"author","embeddable":true,"href":"https:\/\/bezbednost.org\/en\/wp-json\/wp\/v2\/coauthors?post=35475"}],"curies":[{"name":"wp","href":"https:\/\/api.w.org\/{rel}","templated":true}]}}